{"id":1127,"date":"2017-04-01T16:58:59","date_gmt":"2017-04-01T14:58:59","guid":{"rendered":"http:\/\/www.hac-hockey.com\/?p=1127"},"modified":"2017-04-01T16:58:59","modified_gmt":"2017-04-01T14:58:59","slug":"deces-de-monsieur-jean-pierre-tref","status":"publish","type":"post","link":"http:\/\/www.hac-hockey.com\/index.php\/2017\/04\/01\/deces-de-monsieur-jean-pierre-tref\/","title":{"rendered":"D\u00e9c\u00e8s de monsieur Jean-Pierre TREF"},"content":{"rendered":"<p><a href=\"https:\/\/i0.wp.com\/www.hac-hockey.com\/wp-content\/uploads\/2017\/04\/JPT.jpg\"><img loading=\"lazy\" decoding=\"async\" data-attachment-id=\"1128\" data-permalink=\"http:\/\/www.hac-hockey.com\/index.php\/2017\/04\/01\/deces-de-monsieur-jean-pierre-tref\/jpt\/\" data-orig-file=\"https:\/\/i0.wp.com\/www.hac-hockey.com\/wp-content\/uploads\/2017\/04\/JPT.jpg?fit=504%2C526\" data-orig-size=\"504,526\" data-comments-opened=\"0\" data-image-meta=\"{&quot;aperture&quot;:&quot;0&quot;,&quot;credit&quot;:&quot;&quot;,&quot;camera&quot;:&quot;&quot;,&quot;caption&quot;:&quot;&quot;,&quot;created_timestamp&quot;:&quot;0&quot;,&quot;copyright&quot;:&quot;&quot;,&quot;focal_length&quot;:&quot;0&quot;,&quot;iso&quot;:&quot;0&quot;,&quot;shutter_speed&quot;:&quot;0&quot;,&quot;title&quot;:&quot;&quot;,&quot;orientation&quot;:&quot;0&quot;}\" data-image-title=\"JPT\" data-image-description=\"\" data-image-caption=\"\" data-medium-file=\"https:\/\/i0.wp.com\/www.hac-hockey.com\/wp-content\/uploads\/2017\/04\/JPT.jpg?fit=287%2C300\" data-large-file=\"https:\/\/i0.wp.com\/www.hac-hockey.com\/wp-content\/uploads\/2017\/04\/JPT.jpg?fit=504%2C526\" class=\"alignleft size-medium wp-image-1128\" src=\"https:\/\/i0.wp.com\/www.hac-hockey.com\/wp-content\/uploads\/2017\/04\/JPT.jpg?resize=287%2C300\" alt=\"\" width=\"287\" height=\"300\" srcset=\"https:\/\/i0.wp.com\/www.hac-hockey.com\/wp-content\/uploads\/2017\/04\/JPT.jpg?resize=287%2C300 287w, https:\/\/i0.wp.com\/www.hac-hockey.com\/wp-content\/uploads\/2017\/04\/JPT.jpg?w=504 504w\" sizes=\"auto, (max-width: 287px) 100vw, 287px\" data-recalc-dims=\"1\" \/><\/a>C&#8217;est avec une grande tristesse que nous avons appris le d\u00e9c\u00e8s de monsieur Jean-Pierre TREF.<\/p>\n<p>Pr\u00e9sident du club du CSGH dans les ann\u00e9es 70 et 80, puis pr\u00e9sident de la ligue de Normandie un bon nombre d&#8217;ann\u00e9es, pour ensuite revenir \u00e0 la pr\u00e9sidence du club du HAC Hockey jusqu&#8217;en 2014, il \u00e9tait de ces hommes passionn\u00e9s qui font vivre notre sport.<\/p>\n<p>L&#8217;inhumation aura lieu au fun\u00e9rarium du Havre mercredi \u00e0 8h45.<\/p>\n<p>Le HAC Hockey sur Glace pr\u00e9sente ses sinc\u00e8res condol\u00e9ances \u00e0 la famille<\/p>\n<div class=\"sharedaddy sd-sharing-enabled\"><div class=\"robots-nocontent sd-block sd-social sd-social-icon sd-sharing\"><div class=\"sd-content\"><ul><li class=\"share-print\"><a rel=\"nofollow noopener noreferrer\" data-shared=\"\" class=\"share-print sd-button share-icon no-text\" href=\"http:\/\/www.hac-hockey.com\/index.php\/2017\/04\/01\/deces-de-monsieur-jean-pierre-tref\/\" target=\"_blank\" title=\"Cliquer pour imprimer\"><span><\/span><span class=\"sharing-screen-reader-text\">Cliquer pour imprimer(ouvre dans une nouvelle fen\u00eatre)<\/span><\/a><\/li><li class=\"share-facebook\"><a rel=\"nofollow noopener noreferrer\" data-shared=\"sharing-facebook-1127\" class=\"share-facebook sd-button share-icon no-text\" href=\"http:\/\/www.hac-hockey.com\/index.php\/2017\/04\/01\/deces-de-monsieur-jean-pierre-tref\/?share=facebook\" target=\"_blank\" title=\"Cliquez pour partager sur Facebook\"><span><\/span><span class=\"sharing-screen-reader-text\">Cliquez pour partager sur Facebook(ouvre dans une nouvelle fen\u00eatre)<\/span><\/a><\/li><li class=\"share-end\"><\/li><\/ul><\/div><\/div><\/div>","protected":false},"excerpt":{"rendered":"<p>C&#8217;est avec une grande tristesse que nous avons appris le d\u00e9c\u00e8s de monsieur Jean-Pierre TREF. Pr\u00e9sident du club du CSGH dans les ann\u00e9es 70 et 80, puis pr\u00e9sident de la ligue de Normandie un bon nombre d&#8217;ann\u00e9es, pour ensuite revenir \u00e0 la pr\u00e9sidence du club du HAC Hockey jusqu&#8217;en 2014, il \u00e9tait de ces hommes [&hellip;]<\/p>\n<div class=\"sharedaddy sd-sharing-enabled\"><div class=\"robots-nocontent sd-block sd-social sd-social-icon sd-sharing\"><div class=\"sd-content\"><ul><li class=\"share-print\"><a rel=\"nofollow noopener noreferrer\" data-shared=\"\" class=\"share-print sd-button share-icon no-text\" href=\"http:\/\/www.hac-hockey.com\/index.php\/2017\/04\/01\/deces-de-monsieur-jean-pierre-tref\/\" target=\"_blank\" title=\"Cliquer pour imprimer\"><span><\/span><span class=\"sharing-screen-reader-text\">Cliquer pour imprimer(ouvre dans une nouvelle fen\u00eatre)<\/span><\/a><\/li><li class=\"share-facebook\"><a rel=\"nofollow noopener noreferrer\" data-shared=\"sharing-facebook-1127\" class=\"share-facebook sd-button share-icon no-text\" href=\"http:\/\/www.hac-hockey.com\/index.php\/2017\/04\/01\/deces-de-monsieur-jean-pierre-tref\/?share=facebook\" target=\"_blank\" title=\"Cliquez pour partager sur Facebook\"><span><\/span><span class=\"sharing-screen-reader-text\">Cliquez pour partager sur Facebook(ouvre dans une nouvelle fen\u00eatre)<\/span><\/a><\/li><li class=\"share-end\"><\/li><\/ul><\/div><\/div><\/div>","protected":false},"author":1,"featured_media":0,"comment_status":"closed","ping_status":"open","sticky":false,"template":"","format":"standard","meta":{"_mi_skip_tracking":false,"spay_email":"","footnotes":""},"categories":[3],"tags":[],"class_list":["post-1127","post","type-post","status-publish","format-standard","hentry","category-messages-generaux"],"jetpack_featured_media_url":"","jetpack_sharing_enabled":true,"_links":{"self":[{"href":"http:\/\/www.hac-hockey.com\/index.php\/wp-json\/wp\/v2\/posts\/1127","targetHints":{"allow":["GET"]}}],"collection":[{"href":"http:\/\/www.hac-hockey.com\/index.php\/wp-json\/wp\/v2\/posts"}],"about":[{"href":"http:\/\/www.hac-hockey.com\/index.php\/wp-json\/wp\/v2\/types\/post"}],"author":[{"embeddable":true,"href":"http:\/\/www.hac-hockey.com\/index.php\/wp-json\/wp\/v2\/users\/1"}],"replies":[{"embeddable":true,"href":"http:\/\/www.hac-hockey.com\/index.php\/wp-json\/wp\/v2\/comments?post=1127"}],"version-history":[{"count":1,"href":"http:\/\/www.hac-hockey.com\/index.php\/wp-json\/wp\/v2\/posts\/1127\/revisions"}],"predecessor-version":[{"id":1129,"href":"http:\/\/www.hac-hockey.com\/index.php\/wp-json\/wp\/v2\/posts\/1127\/revisions\/1129"}],"wp:attachment":[{"href":"http:\/\/www.hac-hockey.com\/index.php\/wp-json\/wp\/v2\/media?parent=1127"}],"wp:term":[{"taxonomy":"category","embeddable":true,"href":"http:\/\/www.hac-hockey.com\/index.php\/wp-json\/wp\/v2\/categories?post=1127"},{"taxonomy":"post_tag","embeddable":true,"href":"http:\/\/www.hac-hockey.com\/index.php\/wp-json\/wp\/v2\/tags?post=1127"}],"curies":[{"name":"wp","href":"https:\/\/api.w.org\/{rel}","templated":true}]}}