{"id":588,"date":"2015-11-30T10:55:14","date_gmt":"2015-11-30T08:55:14","guid":{"rendered":"http:\/\/www.hac-hockey.com\/?p=588"},"modified":"2015-12-23T14:35:39","modified_gmt":"2015-12-23T12:35:39","slug":"camp-u11-reveille-ton-hockey","status":"publish","type":"post","link":"http:\/\/www.hac-hockey.com\/index.php\/2015\/11\/30\/camp-u11-reveille-ton-hockey\/","title":{"rendered":"Camp U11 &#8211; R\u00e9veille Ton Hockey"},"content":{"rendered":"<p>Un Camp U11 \u2013 R\u00e9veille ton hockey- est organis\u00e9 \u00e0 Rouen le mercredi 30 d\u00e9cembre 2015.<\/p>\n<p>L\u2019organisation sera faite autour de 2 s\u00e9ances sur glace et une s\u00e9ance hors-glace.<\/p>\n<p>L\u2019encadrement sera effectu\u00e9 par des entra\u00eeneurs des clubs participants.<\/p>\n<p>Vous trouverez plus d&#8217;informations en cliquant sur le lien suivant : <a href=\"http:\/\/www.hockeyfrance.com\/ffhg\/dtn\/d%C3%A9veloppement\/animations-territoriales\/item\/8135-mouvement-r%C3%A9veille-ton-hockey-u11\" target=\"_blank\">http:\/\/www.hockeyfrance.com\/ffhg\/dtn\/d%C3%A9veloppement\/animations-territoriales\/item\/8135-mouvement-r%C3%A9veille-ton-hockey-u11<\/a><\/p>\n<p>N\u2019h\u00e9sitez pas \u00e0 contacter Monsieur Caillot, responsable administratif de cette journ\u00e9e\u00a0: <a href=\"mailto:ligue.hautenormandie@ffhg.eu\">ligue.hautenormandie@ffhg.eu<\/a><\/p>\n<p>&nbsp;<\/p>\n<div class=\"sharedaddy sd-sharing-enabled\"><div class=\"robots-nocontent sd-block sd-social sd-social-icon sd-sharing\"><div class=\"sd-content\"><ul><li class=\"share-print\"><a rel=\"nofollow noopener noreferrer\" data-shared=\"\" class=\"share-print sd-button share-icon no-text\" href=\"http:\/\/www.hac-hockey.com\/index.php\/2015\/11\/30\/camp-u11-reveille-ton-hockey\/\" target=\"_blank\" title=\"Cliquer pour imprimer\"><span><\/span><span class=\"sharing-screen-reader-text\">Cliquer pour imprimer(ouvre dans une nouvelle fen\u00eatre)<\/span><\/a><\/li><li class=\"share-facebook\"><a rel=\"nofollow noopener noreferrer\" data-shared=\"sharing-facebook-588\" class=\"share-facebook sd-button share-icon no-text\" href=\"http:\/\/www.hac-hockey.com\/index.php\/2015\/11\/30\/camp-u11-reveille-ton-hockey\/?share=facebook\" target=\"_blank\" title=\"Cliquez pour partager sur Facebook\"><span><\/span><span class=\"sharing-screen-reader-text\">Cliquez pour partager sur Facebook(ouvre dans une nouvelle fen\u00eatre)<\/span><\/a><\/li><li class=\"share-end\"><\/li><\/ul><\/div><\/div><\/div>","protected":false},"excerpt":{"rendered":"<p>Un Camp U11 \u2013 R\u00e9veille ton hockey- est organis\u00e9 \u00e0 Rouen le mercredi 30 d\u00e9cembre 2015. L\u2019organisation sera faite autour de 2 s\u00e9ances sur glace et une s\u00e9ance hors-glace. L\u2019encadrement sera effectu\u00e9 par des entra\u00eeneurs des clubs participants. Vous trouverez plus d&#8217;informations en cliquant sur le lien suivant : http:\/\/www.hockeyfrance.com\/ffhg\/dtn\/d%C3%A9veloppement\/animations-territoriales\/item\/8135-mouvement-r%C3%A9veille-ton-hockey-u11 N\u2019h\u00e9sitez pas \u00e0 contacter Monsieur [&hellip;]<\/p>\n<div class=\"sharedaddy sd-sharing-enabled\"><div class=\"robots-nocontent sd-block sd-social sd-social-icon sd-sharing\"><div class=\"sd-content\"><ul><li class=\"share-print\"><a rel=\"nofollow noopener noreferrer\" data-shared=\"\" class=\"share-print sd-button share-icon no-text\" href=\"http:\/\/www.hac-hockey.com\/index.php\/2015\/11\/30\/camp-u11-reveille-ton-hockey\/\" target=\"_blank\" title=\"Cliquer pour imprimer\"><span><\/span><span class=\"sharing-screen-reader-text\">Cliquer pour imprimer(ouvre dans une nouvelle fen\u00eatre)<\/span><\/a><\/li><li class=\"share-facebook\"><a rel=\"nofollow noopener noreferrer\" data-shared=\"sharing-facebook-588\" class=\"share-facebook sd-button share-icon no-text\" href=\"http:\/\/www.hac-hockey.com\/index.php\/2015\/11\/30\/camp-u11-reveille-ton-hockey\/?share=facebook\" target=\"_blank\" title=\"Cliquez pour partager sur Facebook\"><span><\/span><span class=\"sharing-screen-reader-text\">Cliquez pour partager sur Facebook(ouvre dans une nouvelle fen\u00eatre)<\/span><\/a><\/li><li class=\"share-end\"><\/li><\/ul><\/div><\/div><\/div>","protected":false},"author":1,"featured_media":416,"comment_status":"closed","ping_status":"open","sticky":false,"template":"","format":"link","meta":{"_mi_skip_tracking":false,"spay_email":"","footnotes":""},"categories":[23],"tags":[],"class_list":["post-588","post","type-post","status-publish","format-link","has-post-thumbnail","hentry","category-u11","post_format-post-format-link"],"jetpack_featured_media_url":"https:\/\/i0.wp.com\/www.hac-hockey.com\/wp-content\/uploads\/2015\/09\/IMG_2873.jpg?fit=1280%2C1280","jetpack_sharing_enabled":true,"_links":{"self":[{"href":"http:\/\/www.hac-hockey.com\/index.php\/wp-json\/wp\/v2\/posts\/588","targetHints":{"allow":["GET"]}}],"collection":[{"href":"http:\/\/www.hac-hockey.com\/index.php\/wp-json\/wp\/v2\/posts"}],"about":[{"href":"http:\/\/www.hac-hockey.com\/index.php\/wp-json\/wp\/v2\/types\/post"}],"author":[{"embeddable":true,"href":"http:\/\/www.hac-hockey.com\/index.php\/wp-json\/wp\/v2\/users\/1"}],"replies":[{"embeddable":true,"href":"http:\/\/www.hac-hockey.com\/index.php\/wp-json\/wp\/v2\/comments?post=588"}],"version-history":[{"count":1,"href":"http:\/\/www.hac-hockey.com\/index.php\/wp-json\/wp\/v2\/posts\/588\/revisions"}],"predecessor-version":[{"id":589,"href":"http:\/\/www.hac-hockey.com\/index.php\/wp-json\/wp\/v2\/posts\/588\/revisions\/589"}],"wp:featuredmedia":[{"embeddable":true,"href":"http:\/\/www.hac-hockey.com\/index.php\/wp-json\/wp\/v2\/media\/416"}],"wp:attachment":[{"href":"http:\/\/www.hac-hockey.com\/index.php\/wp-json\/wp\/v2\/media?parent=588"}],"wp:term":[{"taxonomy":"category","embeddable":true,"href":"http:\/\/www.hac-hockey.com\/index.php\/wp-json\/wp\/v2\/categories?post=588"},{"taxonomy":"post_tag","embeddable":true,"href":"http:\/\/www.hac-hockey.com\/index.php\/wp-json\/wp\/v2\/tags?post=588"}],"curies":[{"name":"wp","href":"https:\/\/api.w.org\/{rel}","templated":true}]}}