{"id":778,"date":"2016-04-05T16:38:17","date_gmt":"2016-04-05T14:38:17","guid":{"rendered":"http:\/\/www.hac-hockey.com\/?p=778"},"modified":"2016-04-05T16:38:17","modified_gmt":"2016-04-05T14:38:17","slug":"u13-resume-du-match-amiens-vs-le-havre","status":"publish","type":"post","link":"http:\/\/www.hac-hockey.com\/index.php\/2016\/04\/05\/u13-resume-du-match-amiens-vs-le-havre\/","title":{"rendered":"U13 : R\u00e9sum\u00e9 du match Amiens vs Le Havre"},"content":{"rendered":"<blockquote><p>Apr\u00e8s un week end de p\u00e2que encore dans la t\u00eate, le retour \u00e0 la r\u00e9alit\u00e9 a \u00e9t\u00e9 difficile.<\/p>\n<p>Nous commen\u00e7ons avec un forfait sur papier que nous avons pu \u00e9viter ( les dirigeants d&#8217;Amiens nous pr\u00eatent un \u00e9quipement de joueur pour notre portier Aymeric, merci \u00e0 eux).<\/p>\n<p>Nous allons sur la glace et partons \u00e0 l&#8217;assaut des buts d&#8217;\u0092Amiens. 3\/2 au premier tiers sans le m\u00e9riter.<\/p>\n<p>Le retour est difficile, aucune envie des joueurs havrais , les gothiques reviennent au score et nous restons \u00e0 la tra\u00eene 4\/5 pour Amiens.<\/p>\n<p>Malgr\u00e9 un coup de gueule du coach rien \u00e0 faire, les mini ados restent dans la b\u00eatise et ne produisent aucun jeu au d\u00e9sespoir du coach et des supporters ayant effectu\u00e9 le d\u00e9placement.<\/p>\n<p><strong>Score finale 8\/5 pour Amiens.<\/strong><\/p>\n<p>Un match a vite oublier.<\/p><\/blockquote>\n<p>C\u00e9dric DENIS, coach U13.<\/p>\n<div class=\"sharedaddy sd-sharing-enabled\"><div class=\"robots-nocontent sd-block sd-social sd-social-icon sd-sharing\"><div class=\"sd-content\"><ul><li class=\"share-print\"><a rel=\"nofollow noopener noreferrer\" data-shared=\"\" class=\"share-print sd-button share-icon no-text\" href=\"http:\/\/www.hac-hockey.com\/index.php\/2016\/04\/05\/u13-resume-du-match-amiens-vs-le-havre\/\" target=\"_blank\" title=\"Cliquer pour imprimer\"><span><\/span><span class=\"sharing-screen-reader-text\">Cliquer pour imprimer(ouvre dans une nouvelle fen\u00eatre)<\/span><\/a><\/li><li class=\"share-facebook\"><a rel=\"nofollow noopener noreferrer\" data-shared=\"sharing-facebook-778\" class=\"share-facebook sd-button share-icon no-text\" href=\"http:\/\/www.hac-hockey.com\/index.php\/2016\/04\/05\/u13-resume-du-match-amiens-vs-le-havre\/?share=facebook\" target=\"_blank\" title=\"Cliquez pour partager sur Facebook\"><span><\/span><span class=\"sharing-screen-reader-text\">Cliquez pour partager sur Facebook(ouvre dans une nouvelle fen\u00eatre)<\/span><\/a><\/li><li class=\"share-end\"><\/li><\/ul><\/div><\/div><\/div>","protected":false},"excerpt":{"rendered":"<p>Apr\u00e8s un week end de p\u00e2que encore dans la t\u00eate, le retour \u00e0 la r\u00e9alit\u00e9 a \u00e9t\u00e9 difficile. Nous commen\u00e7ons avec un forfait sur papier que nous avons pu \u00e9viter ( les dirigeants d&#8217;Amiens nous pr\u00eatent un \u00e9quipement de joueur pour notre portier Aymeric, merci \u00e0 eux). Nous allons sur la glace et partons \u00e0 [&hellip;]<\/p>\n<div class=\"sharedaddy sd-sharing-enabled\"><div class=\"robots-nocontent sd-block sd-social sd-social-icon sd-sharing\"><div class=\"sd-content\"><ul><li class=\"share-print\"><a rel=\"nofollow noopener noreferrer\" data-shared=\"\" class=\"share-print sd-button share-icon no-text\" href=\"http:\/\/www.hac-hockey.com\/index.php\/2016\/04\/05\/u13-resume-du-match-amiens-vs-le-havre\/\" target=\"_blank\" title=\"Cliquer pour imprimer\"><span><\/span><span class=\"sharing-screen-reader-text\">Cliquer pour imprimer(ouvre dans une nouvelle fen\u00eatre)<\/span><\/a><\/li><li class=\"share-facebook\"><a rel=\"nofollow noopener noreferrer\" data-shared=\"sharing-facebook-778\" class=\"share-facebook sd-button share-icon no-text\" href=\"http:\/\/www.hac-hockey.com\/index.php\/2016\/04\/05\/u13-resume-du-match-amiens-vs-le-havre\/?share=facebook\" target=\"_blank\" title=\"Cliquez pour partager sur Facebook\"><span><\/span><span class=\"sharing-screen-reader-text\">Cliquez pour partager sur Facebook(ouvre dans une nouvelle fen\u00eatre)<\/span><\/a><\/li><li class=\"share-end\"><\/li><\/ul><\/div><\/div><\/div>","protected":false},"author":20,"featured_media":446,"comment_status":"closed","ping_status":"open","sticky":false,"template":"","format":"standard","meta":{"_mi_skip_tracking":false,"spay_email":"","footnotes":""},"categories":[24],"tags":[],"class_list":["post-778","post","type-post","status-publish","format-standard","has-post-thumbnail","hentry","category-u13"],"jetpack_featured_media_url":"https:\/\/i0.wp.com\/www.hac-hockey.com\/wp-content\/uploads\/2015\/10\/U13_2015.jpg?fit=960%2C720","jetpack_sharing_enabled":true,"_links":{"self":[{"href":"http:\/\/www.hac-hockey.com\/index.php\/wp-json\/wp\/v2\/posts\/778","targetHints":{"allow":["GET"]}}],"collection":[{"href":"http:\/\/www.hac-hockey.com\/index.php\/wp-json\/wp\/v2\/posts"}],"about":[{"href":"http:\/\/www.hac-hockey.com\/index.php\/wp-json\/wp\/v2\/types\/post"}],"author":[{"embeddable":true,"href":"http:\/\/www.hac-hockey.com\/index.php\/wp-json\/wp\/v2\/users\/20"}],"replies":[{"embeddable":true,"href":"http:\/\/www.hac-hockey.com\/index.php\/wp-json\/wp\/v2\/comments?post=778"}],"version-history":[{"count":1,"href":"http:\/\/www.hac-hockey.com\/index.php\/wp-json\/wp\/v2\/posts\/778\/revisions"}],"predecessor-version":[{"id":779,"href":"http:\/\/www.hac-hockey.com\/index.php\/wp-json\/wp\/v2\/posts\/778\/revisions\/779"}],"wp:featuredmedia":[{"embeddable":true,"href":"http:\/\/www.hac-hockey.com\/index.php\/wp-json\/wp\/v2\/media\/446"}],"wp:attachment":[{"href":"http:\/\/www.hac-hockey.com\/index.php\/wp-json\/wp\/v2\/media?parent=778"}],"wp:term":[{"taxonomy":"category","embeddable":true,"href":"http:\/\/www.hac-hockey.com\/index.php\/wp-json\/wp\/v2\/categories?post=778"},{"taxonomy":"post_tag","embeddable":true,"href":"http:\/\/www.hac-hockey.com\/index.php\/wp-json\/wp\/v2\/tags?post=778"}],"curies":[{"name":"wp","href":"https:\/\/api.w.org\/{rel}","templated":true}]}}